{"id":3397,"date":"2025-04-17T12:00:00","date_gmt":"2025-04-17T10:00:00","guid":{"rendered":"https:\/\/www.fedexsol.be\/?p=3397"},"modified":"2025-04-17T13:56:40","modified_gmt":"2025-04-17T11:56:40","slug":"ouverture-des-inscriptions-formation-mediors-fedexsol-2025","status":"publish","type":"post","link":"https:\/\/www.fedexsol.be\/fr\/actualites\/ouverture-des-inscriptions-formation-mediors-fedexsol-2025\/","title":{"rendered":"Ouverture des inscriptions \u2013 Formation Mediors Fedexsol 2025"},"content":{"rendered":"\n<p>La formation Mediors 2025 de Fedexsol se tiendra le 26 mai 2025 \u00e0 Louvain-la-Neuve (Auditoire Croix du Sud 01).<\/p>\n\n\n\n<p><\/p>\n\n\n\n<p>\ud83e\udde0 Une journ\u00e9e riche en retours d\u2019exp\u00e9rience et actualit\u00e9s techniques, sur-mesure pour les professionnels du secteur de l\u2019assainissement.<\/p>\n\n\n\n<p><\/p>\n\n\n\n<p>\ud83d\udd58 Horaire de la journ\u00e9e :<\/p>\n\n\n\n<p>\u2022 Accueil d\u00e8s 8h15<\/p>\n\n\n\n<p>\u2022 D\u00e9but de la formation \u00e0 8h45 pr\u00e9cises<\/p>\n\n\n\n<p>\u2022 Fin pr\u00e9vue \u00e0 17h<\/p>\n\n\n\n<p><\/p>\n\n\n\n<p>\ud83c\udfaf Th\u00e8mes abord\u00e9s :<\/p>\n\n\n\n<p>\u2022 Retour d\u2019exp\u00e9rience de SPAQuE sur l\u2019utilisation de S-Risk : compos\u00e9s volatils, mod\u00e9lisation du transfert vers l\u2019air int\u00e9rieur, mesures d\u2019air<\/p>\n\n\n\n<p>\u2022 Assainissement par injection in-situ<\/p>\n\n\n\n<p>\u2022 Gestion de la renou\u00e9e asiatique dans les chantiers d\u2019assainissement<\/p>\n\n\n\n<p>\u2022 Granulats en R\u00e9gion wallonne et en R\u00e9gion de Bruxelles-Capitale<\/p>\n\n\n\n<p>\u2022 Pr\u00e9sentation du chantier E411 \u2013 TRBA<\/p>\n\n\n\n<p>\u2022 \ud83d\ude8d Visite du chantier E411 (en bus depuis Louvain-la-Neuve)<\/p>\n\n\n\n<p>\ud83d\udc77 \u26a0\ufe0f La visite est conditionn\u00e9e au port des EPI (casque, gilet, chaussures de s\u00e9curit\u00e9).<\/p>\n\n\n\n<p>Sans EPI, l\u2019acc\u00e8s au chantier ne sera pas autoris\u00e9.<\/p>\n\n\n\n<p><\/p>\n\n\n\n<p>\ud83d\udcdc Reconnaissance officielle :<\/p>\n\n\n\n<p>\u2705 8h par la DAS<\/p>\n\n\n\n<p>\u2705 5h par Bruxelles Environnement (2h \u00ab risques \u00bb + 3h \u00ab assainissement \u00bb)<\/p>\n\n\n\n<p><\/p>\n\n\n\n<p>\ud83d\udcb6 Tarifs :<\/p>\n\n\n\n<p>\u2022 400 \u20ac pour les membres Fedexsol<\/p>\n\n\n\n<p>\u2022 650 \u20ac pour les non-membres<\/p>\n\n\n\n<p><\/p>\n\n\n\n<p>\ud83d\udd17 Inscription en ligne \ud83d\udc49 https:\/\/my.weezevent.com\/formation-medior-fedexsol-2025<\/p>\n\n\n\n<p><\/p>\n\n\n\n<p>\ud83d\udce3 N&rsquo;h\u00e9sitez pas \u00e0 relayer dans vos r\u00e9seaux !<\/p>\n\n\n\n<p>#Fedexsol #FormationMedior #Assainissement #Environnement #GestionDesSolPollu\u00e9s #DAS #BruxellesEnvironnement #SolsPollu\u00e9s #ChantierE411 #VisiteTerrain #EPIobligatoires #ProfessionnelsEnvironnement \ud83d\udc77<\/p>\n","protected":false},"excerpt":{"rendered":"<p>La formation Mediors 2025 de Fedexsol se tiendra le 26 mai 2025 \u00e0 Louvain-la-Neuve (Auditoire Croix du Sud 01). \ud83e\udde0 Une journ\u00e9e riche en retours d\u2019exp\u00e9rience et actualit\u00e9s techniques, sur-mesure pour les professionnels du secteur &hellip;<\/p>\n","protected":false},"author":9,"featured_media":3398,"comment_status":"closed","ping_status":"closed","sticky":false,"template":"","format":"standard","meta":{"_acf_changed":false,"footnotes":""},"categories":[1],"tags":[],"class_list":["post-3397","post","type-post","status-publish","format-standard","has-post-thumbnail","hentry","category-non-classifiee"],"acf":[],"yoast_head":"<!-- This site is optimized with the Yoast SEO plugin v27.5 - https:\/\/yoast.com\/product\/yoast-seo-wordpress\/ -->\r\n<title>Ouverture des inscriptions \u2013 Formation Mediors Fedexsol 2025 - Fedexsol<\/title>\r\n<meta name=\"robots\" content=\"noindex, follow\" \/>\r\n<meta property=\"og:locale\" content=\"fr_FR\" \/>\r\n<meta property=\"og:type\" content=\"article\" \/>\r\n<meta property=\"og:title\" content=\"Ouverture des inscriptions \u2013 Formation Mediors Fedexsol 2025 - Fedexsol\" \/>\r\n<meta property=\"og:description\" content=\"La formation Mediors 2025 de Fedexsol se tiendra le 26 mai 2025 \u00e0 Louvain-la-Neuve (Auditoire Croix du Sud 01). \ud83e\udde0 Une journ\u00e9e riche en retours d\u2019exp\u00e9rience et actualit\u00e9s techniques, sur-mesure pour les professionnels du secteur &hellip;\" \/>\r\n<meta property=\"og:url\" content=\"https:\/\/www.fedexsol.be\/fr\/actualites\/ouverture-des-inscriptions-formation-mediors-fedexsol-2025\/\" \/>\r\n<meta property=\"og:site_name\" content=\"Fedexsol\" \/>\r\n<meta property=\"article:published_time\" content=\"2025-04-17T10:00:00+00:00\" \/>\r\n<meta property=\"article:modified_time\" content=\"2025-04-17T11:56:40+00:00\" \/>\r\n<meta property=\"og:image\" content=\"https:\/\/www.fedexsol.be\/wp-content\/uploads\/2025\/04\/20250417-formation-mediors-inscriptions.jpg\" \/>\r\n\t<meta property=\"og:image:width\" content=\"1996\" \/>\r\n\t<meta property=\"og:image:height\" content=\"2496\" \/>\r\n\t<meta property=\"og:image:type\" content=\"image\/jpeg\" \/>\r\n<meta name=\"author\" content=\"Coralie Capella\" \/>\r\n<meta name=\"twitter:card\" content=\"summary_large_image\" \/>\r\n<meta name=\"twitter:label1\" content=\"\u00c9crit par\" \/>\n\t<meta name=\"twitter:data1\" content=\"Coralie Capella\" \/>\n\t<meta name=\"twitter:label2\" content=\"Dur\u00e9e de lecture estim\u00e9e\" \/>\n\t<meta name=\"twitter:data2\" content=\"2 minutes\" \/>\r\n<script type=\"application\/ld+json\" class=\"yoast-schema-graph\">{\"@context\":\"https:\\\/\\\/schema.org\",\"@graph\":[{\"@type\":\"Article\",\"@id\":\"https:\\\/\\\/www.fedexsol.be\\\/fr\\\/actualites\\\/ouverture-des-inscriptions-formation-mediors-fedexsol-2025\\\/#article\",\"isPartOf\":{\"@id\":\"https:\\\/\\\/www.fedexsol.be\\\/fr\\\/actualites\\\/ouverture-des-inscriptions-formation-mediors-fedexsol-2025\\\/\"},\"author\":{\"name\":\"Coralie Capella\",\"@id\":\"https:\\\/\\\/www.fedexsol.be\\\/fr\\\/#\\\/schema\\\/person\\\/eeab8f4e257452c61c18cf6d02f6b440\"},\"headline\":\"Ouverture des inscriptions \u2013 Formation Mediors Fedexsol 2025\",\"datePublished\":\"2025-04-17T10:00:00+00:00\",\"dateModified\":\"2025-04-17T11:56:40+00:00\",\"mainEntityOfPage\":{\"@id\":\"https:\\\/\\\/www.fedexsol.be\\\/fr\\\/actualites\\\/ouverture-des-inscriptions-formation-mediors-fedexsol-2025\\\/\"},\"wordCount\":227,\"image\":{\"@id\":\"https:\\\/\\\/www.fedexsol.be\\\/fr\\\/actualites\\\/ouverture-des-inscriptions-formation-mediors-fedexsol-2025\\\/#primaryimage\"},\"thumbnailUrl\":\"https:\\\/\\\/www.fedexsol.be\\\/wp-content\\\/uploads\\\/2025\\\/04\\\/20250417-formation-mediors-inscriptions.jpg\",\"articleSection\":[\"Non classifi\u00e9(e)\"],\"inLanguage\":\"fr-FR\"},{\"@type\":\"WebPage\",\"@id\":\"https:\\\/\\\/www.fedexsol.be\\\/fr\\\/actualites\\\/ouverture-des-inscriptions-formation-mediors-fedexsol-2025\\\/\",\"url\":\"https:\\\/\\\/www.fedexsol.be\\\/fr\\\/actualites\\\/ouverture-des-inscriptions-formation-mediors-fedexsol-2025\\\/\",\"name\":\"Ouverture des inscriptions \u2013 Formation Mediors Fedexsol 2025 - Fedexsol\",\"isPartOf\":{\"@id\":\"https:\\\/\\\/www.fedexsol.be\\\/fr\\\/#website\"},\"primaryImageOfPage\":{\"@id\":\"https:\\\/\\\/www.fedexsol.be\\\/fr\\\/actualites\\\/ouverture-des-inscriptions-formation-mediors-fedexsol-2025\\\/#primaryimage\"},\"image\":{\"@id\":\"https:\\\/\\\/www.fedexsol.be\\\/fr\\\/actualites\\\/ouverture-des-inscriptions-formation-mediors-fedexsol-2025\\\/#primaryimage\"},\"thumbnailUrl\":\"https:\\\/\\\/www.fedexsol.be\\\/wp-content\\\/uploads\\\/2025\\\/04\\\/20250417-formation-mediors-inscriptions.jpg\",\"datePublished\":\"2025-04-17T10:00:00+00:00\",\"dateModified\":\"2025-04-17T11:56:40+00:00\",\"author\":{\"@id\":\"https:\\\/\\\/www.fedexsol.be\\\/fr\\\/#\\\/schema\\\/person\\\/eeab8f4e257452c61c18cf6d02f6b440\"},\"breadcrumb\":{\"@id\":\"https:\\\/\\\/www.fedexsol.be\\\/fr\\\/actualites\\\/ouverture-des-inscriptions-formation-mediors-fedexsol-2025\\\/#breadcrumb\"},\"inLanguage\":\"fr-FR\",\"potentialAction\":[{\"@type\":\"ReadAction\",\"target\":[\"https:\\\/\\\/www.fedexsol.be\\\/fr\\\/actualites\\\/ouverture-des-inscriptions-formation-mediors-fedexsol-2025\\\/\"]}]},{\"@type\":\"ImageObject\",\"inLanguage\":\"fr-FR\",\"@id\":\"https:\\\/\\\/www.fedexsol.be\\\/fr\\\/actualites\\\/ouverture-des-inscriptions-formation-mediors-fedexsol-2025\\\/#primaryimage\",\"url\":\"https:\\\/\\\/www.fedexsol.be\\\/wp-content\\\/uploads\\\/2025\\\/04\\\/20250417-formation-mediors-inscriptions.jpg\",\"contentUrl\":\"https:\\\/\\\/www.fedexsol.be\\\/wp-content\\\/uploads\\\/2025\\\/04\\\/20250417-formation-mediors-inscriptions.jpg\",\"width\":1996,\"height\":2496},{\"@type\":\"BreadcrumbList\",\"@id\":\"https:\\\/\\\/www.fedexsol.be\\\/fr\\\/actualites\\\/ouverture-des-inscriptions-formation-mediors-fedexsol-2025\\\/#breadcrumb\",\"itemListElement\":[{\"@type\":\"ListItem\",\"position\":1,\"name\":\"Accueil\",\"item\":\"https:\\\/\\\/www.fedexsol.be\\\/fr\\\/\"},{\"@type\":\"ListItem\",\"position\":2,\"name\":\"Ouverture des inscriptions \u2013 Formation Mediors Fedexsol 2025\"}]},{\"@type\":\"WebSite\",\"@id\":\"https:\\\/\\\/www.fedexsol.be\\\/fr\\\/#website\",\"url\":\"https:\\\/\\\/www.fedexsol.be\\\/fr\\\/\",\"name\":\"Fedexsol\",\"description\":\"Un site utilisant WordPress\",\"potentialAction\":[{\"@type\":\"SearchAction\",\"target\":{\"@type\":\"EntryPoint\",\"urlTemplate\":\"https:\\\/\\\/www.fedexsol.be\\\/fr\\\/?s={search_term_string}\"},\"query-input\":{\"@type\":\"PropertyValueSpecification\",\"valueRequired\":true,\"valueName\":\"search_term_string\"}}],\"inLanguage\":\"fr-FR\"},{\"@type\":\"Person\",\"@id\":\"https:\\\/\\\/www.fedexsol.be\\\/fr\\\/#\\\/schema\\\/person\\\/eeab8f4e257452c61c18cf6d02f6b440\",\"name\":\"Coralie Capella\",\"image\":{\"@type\":\"ImageObject\",\"inLanguage\":\"fr-FR\",\"@id\":\"https:\\\/\\\/secure.gravatar.com\\\/avatar\\\/374b26b75713aeabe8e9b03a30b66b2c5acc28ae8a9b9507960d2f804a4c98c7?s=96&d=mm&r=g\",\"url\":\"https:\\\/\\\/secure.gravatar.com\\\/avatar\\\/374b26b75713aeabe8e9b03a30b66b2c5acc28ae8a9b9507960d2f804a4c98c7?s=96&d=mm&r=g\",\"contentUrl\":\"https:\\\/\\\/secure.gravatar.com\\\/avatar\\\/374b26b75713aeabe8e9b03a30b66b2c5acc28ae8a9b9507960d2f804a4c98c7?s=96&d=mm&r=g\",\"caption\":\"Coralie Capella\"}}]}<\/script>\r\n<!-- \/ Yoast SEO plugin. -->","yoast_head_json":{"title":"Ouverture des inscriptions \u2013 Formation Mediors Fedexsol 2025 - Fedexsol","robots":{"index":"noindex","follow":"follow"},"og_locale":"fr_FR","og_type":"article","og_title":"Ouverture des inscriptions \u2013 Formation Mediors Fedexsol 2025 - Fedexsol","og_description":"La formation Mediors 2025 de Fedexsol se tiendra le 26 mai 2025 \u00e0 Louvain-la-Neuve (Auditoire Croix du Sud 01). \ud83e\udde0 Une journ\u00e9e riche en retours d\u2019exp\u00e9rience et actualit\u00e9s techniques, sur-mesure pour les professionnels du secteur &hellip;","og_url":"https:\/\/www.fedexsol.be\/fr\/actualites\/ouverture-des-inscriptions-formation-mediors-fedexsol-2025\/","og_site_name":"Fedexsol","article_published_time":"2025-04-17T10:00:00+00:00","article_modified_time":"2025-04-17T11:56:40+00:00","og_image":[{"width":1996,"height":2496,"url":"https:\/\/www.fedexsol.be\/wp-content\/uploads\/2025\/04\/20250417-formation-mediors-inscriptions.jpg","type":"image\/jpeg"}],"author":"Coralie Capella","twitter_card":"summary_large_image","twitter_misc":{"\u00c9crit par":"Coralie Capella","Dur\u00e9e de lecture estim\u00e9e":"2 minutes"},"schema":{"@context":"https:\/\/schema.org","@graph":[{"@type":"Article","@id":"https:\/\/www.fedexsol.be\/fr\/actualites\/ouverture-des-inscriptions-formation-mediors-fedexsol-2025\/#article","isPartOf":{"@id":"https:\/\/www.fedexsol.be\/fr\/actualites\/ouverture-des-inscriptions-formation-mediors-fedexsol-2025\/"},"author":{"name":"Coralie Capella","@id":"https:\/\/www.fedexsol.be\/fr\/#\/schema\/person\/eeab8f4e257452c61c18cf6d02f6b440"},"headline":"Ouverture des inscriptions \u2013 Formation Mediors Fedexsol 2025","datePublished":"2025-04-17T10:00:00+00:00","dateModified":"2025-04-17T11:56:40+00:00","mainEntityOfPage":{"@id":"https:\/\/www.fedexsol.be\/fr\/actualites\/ouverture-des-inscriptions-formation-mediors-fedexsol-2025\/"},"wordCount":227,"image":{"@id":"https:\/\/www.fedexsol.be\/fr\/actualites\/ouverture-des-inscriptions-formation-mediors-fedexsol-2025\/#primaryimage"},"thumbnailUrl":"https:\/\/www.fedexsol.be\/wp-content\/uploads\/2025\/04\/20250417-formation-mediors-inscriptions.jpg","articleSection":["Non classifi\u00e9(e)"],"inLanguage":"fr-FR"},{"@type":"WebPage","@id":"https:\/\/www.fedexsol.be\/fr\/actualites\/ouverture-des-inscriptions-formation-mediors-fedexsol-2025\/","url":"https:\/\/www.fedexsol.be\/fr\/actualites\/ouverture-des-inscriptions-formation-mediors-fedexsol-2025\/","name":"Ouverture des inscriptions \u2013 Formation Mediors Fedexsol 2025 - Fedexsol","isPartOf":{"@id":"https:\/\/www.fedexsol.be\/fr\/#website"},"primaryImageOfPage":{"@id":"https:\/\/www.fedexsol.be\/fr\/actualites\/ouverture-des-inscriptions-formation-mediors-fedexsol-2025\/#primaryimage"},"image":{"@id":"https:\/\/www.fedexsol.be\/fr\/actualites\/ouverture-des-inscriptions-formation-mediors-fedexsol-2025\/#primaryimage"},"thumbnailUrl":"https:\/\/www.fedexsol.be\/wp-content\/uploads\/2025\/04\/20250417-formation-mediors-inscriptions.jpg","datePublished":"2025-04-17T10:00:00+00:00","dateModified":"2025-04-17T11:56:40+00:00","author":{"@id":"https:\/\/www.fedexsol.be\/fr\/#\/schema\/person\/eeab8f4e257452c61c18cf6d02f6b440"},"breadcrumb":{"@id":"https:\/\/www.fedexsol.be\/fr\/actualites\/ouverture-des-inscriptions-formation-mediors-fedexsol-2025\/#breadcrumb"},"inLanguage":"fr-FR","potentialAction":[{"@type":"ReadAction","target":["https:\/\/www.fedexsol.be\/fr\/actualites\/ouverture-des-inscriptions-formation-mediors-fedexsol-2025\/"]}]},{"@type":"ImageObject","inLanguage":"fr-FR","@id":"https:\/\/www.fedexsol.be\/fr\/actualites\/ouverture-des-inscriptions-formation-mediors-fedexsol-2025\/#primaryimage","url":"https:\/\/www.fedexsol.be\/wp-content\/uploads\/2025\/04\/20250417-formation-mediors-inscriptions.jpg","contentUrl":"https:\/\/www.fedexsol.be\/wp-content\/uploads\/2025\/04\/20250417-formation-mediors-inscriptions.jpg","width":1996,"height":2496},{"@type":"BreadcrumbList","@id":"https:\/\/www.fedexsol.be\/fr\/actualites\/ouverture-des-inscriptions-formation-mediors-fedexsol-2025\/#breadcrumb","itemListElement":[{"@type":"ListItem","position":1,"name":"Accueil","item":"https:\/\/www.fedexsol.be\/fr\/"},{"@type":"ListItem","position":2,"name":"Ouverture des inscriptions \u2013 Formation Mediors Fedexsol 2025"}]},{"@type":"WebSite","@id":"https:\/\/www.fedexsol.be\/fr\/#website","url":"https:\/\/www.fedexsol.be\/fr\/","name":"Fedexsol","description":"Un site utilisant WordPress","potentialAction":[{"@type":"SearchAction","target":{"@type":"EntryPoint","urlTemplate":"https:\/\/www.fedexsol.be\/fr\/?s={search_term_string}"},"query-input":{"@type":"PropertyValueSpecification","valueRequired":true,"valueName":"search_term_string"}}],"inLanguage":"fr-FR"},{"@type":"Person","@id":"https:\/\/www.fedexsol.be\/fr\/#\/schema\/person\/eeab8f4e257452c61c18cf6d02f6b440","name":"Coralie Capella","image":{"@type":"ImageObject","inLanguage":"fr-FR","@id":"https:\/\/secure.gravatar.com\/avatar\/374b26b75713aeabe8e9b03a30b66b2c5acc28ae8a9b9507960d2f804a4c98c7?s=96&d=mm&r=g","url":"https:\/\/secure.gravatar.com\/avatar\/374b26b75713aeabe8e9b03a30b66b2c5acc28ae8a9b9507960d2f804a4c98c7?s=96&d=mm&r=g","contentUrl":"https:\/\/secure.gravatar.com\/avatar\/374b26b75713aeabe8e9b03a30b66b2c5acc28ae8a9b9507960d2f804a4c98c7?s=96&d=mm&r=g","caption":"Coralie Capella"}}]}},"_links":{"self":[{"href":"https:\/\/www.fedexsol.be\/fr\/wp-json\/wp\/v2\/posts\/3397","targetHints":{"allow":["GET"]}}],"collection":[{"href":"https:\/\/www.fedexsol.be\/fr\/wp-json\/wp\/v2\/posts"}],"about":[{"href":"https:\/\/www.fedexsol.be\/fr\/wp-json\/wp\/v2\/types\/post"}],"author":[{"embeddable":true,"href":"https:\/\/www.fedexsol.be\/fr\/wp-json\/wp\/v2\/users\/9"}],"replies":[{"embeddable":true,"href":"https:\/\/www.fedexsol.be\/fr\/wp-json\/wp\/v2\/comments?post=3397"}],"version-history":[{"count":4,"href":"https:\/\/www.fedexsol.be\/fr\/wp-json\/wp\/v2\/posts\/3397\/revisions"}],"predecessor-version":[{"id":3406,"href":"https:\/\/www.fedexsol.be\/fr\/wp-json\/wp\/v2\/posts\/3397\/revisions\/3406"}],"wp:featuredmedia":[{"embeddable":true,"href":"https:\/\/www.fedexsol.be\/fr\/wp-json\/wp\/v2\/media\/3398"}],"wp:attachment":[{"href":"https:\/\/www.fedexsol.be\/fr\/wp-json\/wp\/v2\/media?parent=3397"}],"wp:term":[{"taxonomy":"category","embeddable":true,"href":"https:\/\/www.fedexsol.be\/fr\/wp-json\/wp\/v2\/categories?post=3397"},{"taxonomy":"post_tag","embeddable":true,"href":"https:\/\/www.fedexsol.be\/fr\/wp-json\/wp\/v2\/tags?post=3397"}],"curies":[{"name":"wp","href":"https:\/\/api.w.org\/{rel}","templated":true}]}}