{"id":3503,"date":"2026-03-12T12:00:00","date_gmt":"2026-03-12T11:00:00","guid":{"rendered":"https:\/\/www.fedexsol.be\/?p=3503"},"modified":"2026-03-05T12:37:15","modified_gmt":"2026-03-05T11:37:15","slug":"experts-sol-medior-reservez-la-date","status":"publish","type":"post","link":"https:\/\/www.fedexsol.be\/fr\/actualites\/experts-sol-medior-reservez-la-date\/","title":{"rendered":"Experts sol medior : r\u00e9servez la date !"},"content":{"rendered":"\n<p>\ud83d\udce2 La prochaine formation Medior organis\u00e9e par Fedexsol aura lieu le 28 mai 2026 \u00e0 Gosselies.<br><br>Cette journ\u00e9e sera d\u00e9di\u00e9e aux experts sol ayant d\u00e9j\u00e0 quelques ann\u00e9es d\u2019exp\u00e9rience, avec pour objectif d\u2019approfondir les connaissances, de partager les pratiques du secteur et d\u2019\u00e9changer entre professionnels.<br><br>\ud83d\udcc5 28\/05\/2026<br>\ud83d\udccd Gosselies<br>\ud83d\udc49 Plus d\u2019informations sur le programme et les inscriptions seront communiqu\u00e9es prochainement.<br><br>En attendant\u2026 save the date ! \ud83d\uddd3\ufe0f<br><br><a href=\"https:\/\/www.linkedin.com\/search\/results\/all\/?keywords=%23fedexsol&amp;origin=HASH_TAG_FROM_FEED\">hashtag#Fedexsol<\/a> <a href=\"https:\/\/www.linkedin.com\/search\/results\/all\/?keywords=%23formation&amp;origin=HASH_TAG_FROM_FEED\">hashtag#Formation<\/a> <a href=\"https:\/\/www.linkedin.com\/search\/results\/all\/?keywords=%23expertssol&amp;origin=HASH_TAG_FROM_FEED\">hashtag#ExpertsSol<\/a> <a href=\"https:\/\/www.linkedin.com\/search\/results\/all\/?keywords=%23environnement&amp;origin=HASH_TAG_FROM_FEED\">hashtag#Environnement<\/a> <a href=\"https:\/\/www.linkedin.com\/search\/results\/all\/?keywords=%23networking&amp;origin=HASH_TAG_FROM_FEED\">hashtag#Networking<\/a><\/p>\n","protected":false},"excerpt":{"rendered":"<p>\ud83d\udce2 La prochaine formation Medior organis\u00e9e par Fedexsol aura lieu le 28 mai 2026 \u00e0 Gosselies. Cette journ\u00e9e sera d\u00e9di\u00e9e aux experts sol ayant d\u00e9j\u00e0 quelques ann\u00e9es d\u2019exp\u00e9rience, avec pour objectif d\u2019approfondir les connaissances, de &hellip;<\/p>\n","protected":false},"author":9,"featured_media":3504,"comment_status":"closed","ping_status":"closed","sticky":false,"template":"","format":"standard","meta":{"_acf_changed":false,"footnotes":""},"categories":[1],"tags":[],"class_list":["post-3503","post","type-post","status-publish","format-standard","has-post-thumbnail","hentry","category-non-classifiee"],"acf":[],"yoast_head":"<!-- This site is optimized with the Yoast SEO plugin v27.4 - https:\/\/yoast.com\/product\/yoast-seo-wordpress\/ -->\r\n<title>Experts sol medior : r\u00e9servez la date ! - Fedexsol<\/title>\r\n<meta name=\"robots\" content=\"noindex, follow\" \/>\r\n<meta property=\"og:locale\" content=\"fr_FR\" \/>\r\n<meta property=\"og:type\" content=\"article\" \/>\r\n<meta property=\"og:title\" content=\"Experts sol medior : r\u00e9servez la date ! - Fedexsol\" \/>\r\n<meta property=\"og:description\" content=\"\ud83d\udce2 La prochaine formation Medior organis\u00e9e par Fedexsol aura lieu le 28 mai 2026 \u00e0 Gosselies. Cette journ\u00e9e sera d\u00e9di\u00e9e aux experts sol ayant d\u00e9j\u00e0 quelques ann\u00e9es d\u2019exp\u00e9rience, avec pour objectif d\u2019approfondir les connaissances, de &hellip;\" \/>\r\n<meta property=\"og:url\" content=\"https:\/\/www.fedexsol.be\/fr\/actualites\/experts-sol-medior-reservez-la-date\/\" \/>\r\n<meta property=\"og:site_name\" content=\"Fedexsol\" \/>\r\n<meta property=\"article:published_time\" content=\"2026-03-12T11:00:00+00:00\" \/>\r\n<meta property=\"og:image\" content=\"https:\/\/www.fedexsol.be\/wp-content\/uploads\/2026\/03\/20260312-formation-mediors-save-the-date-scaled.jpg\" \/>\r\n\t<meta property=\"og:image:width\" content=\"2560\" \/>\r\n\t<meta property=\"og:image:height\" content=\"1707\" \/>\r\n\t<meta property=\"og:image:type\" content=\"image\/jpeg\" \/>\r\n<meta name=\"author\" content=\"Coralie Capella\" \/>\r\n<meta name=\"twitter:card\" content=\"summary_large_image\" \/>\r\n<meta name=\"twitter:label1\" content=\"\u00c9crit par\" \/>\n\t<meta name=\"twitter:data1\" content=\"Coralie Capella\" \/>\n\t<meta name=\"twitter:label2\" content=\"Dur\u00e9e de lecture estim\u00e9e\" \/>\n\t<meta name=\"twitter:data2\" content=\"1 minute\" \/>\r\n<script type=\"application\/ld+json\" class=\"yoast-schema-graph\">{\"@context\":\"https:\\\/\\\/schema.org\",\"@graph\":[{\"@type\":\"Article\",\"@id\":\"https:\\\/\\\/www.fedexsol.be\\\/fr\\\/actualites\\\/experts-sol-medior-reservez-la-date\\\/#article\",\"isPartOf\":{\"@id\":\"https:\\\/\\\/www.fedexsol.be\\\/fr\\\/actualites\\\/experts-sol-medior-reservez-la-date\\\/\"},\"author\":{\"name\":\"Coralie Capella\",\"@id\":\"https:\\\/\\\/www.fedexsol.be\\\/fr\\\/#\\\/schema\\\/person\\\/eeab8f4e257452c61c18cf6d02f6b440\"},\"headline\":\"Experts sol medior : r\u00e9servez la date !\",\"datePublished\":\"2026-03-12T11:00:00+00:00\",\"mainEntityOfPage\":{\"@id\":\"https:\\\/\\\/www.fedexsol.be\\\/fr\\\/actualites\\\/experts-sol-medior-reservez-la-date\\\/\"},\"wordCount\":91,\"image\":{\"@id\":\"https:\\\/\\\/www.fedexsol.be\\\/fr\\\/actualites\\\/experts-sol-medior-reservez-la-date\\\/#primaryimage\"},\"thumbnailUrl\":\"https:\\\/\\\/www.fedexsol.be\\\/wp-content\\\/uploads\\\/2026\\\/03\\\/20260312-formation-mediors-save-the-date-scaled.jpg\",\"articleSection\":[\"Non classifi\u00e9(e)\"],\"inLanguage\":\"fr-FR\"},{\"@type\":\"WebPage\",\"@id\":\"https:\\\/\\\/www.fedexsol.be\\\/fr\\\/actualites\\\/experts-sol-medior-reservez-la-date\\\/\",\"url\":\"https:\\\/\\\/www.fedexsol.be\\\/fr\\\/actualites\\\/experts-sol-medior-reservez-la-date\\\/\",\"name\":\"Experts sol medior : r\u00e9servez la date ! - Fedexsol\",\"isPartOf\":{\"@id\":\"https:\\\/\\\/www.fedexsol.be\\\/fr\\\/#website\"},\"primaryImageOfPage\":{\"@id\":\"https:\\\/\\\/www.fedexsol.be\\\/fr\\\/actualites\\\/experts-sol-medior-reservez-la-date\\\/#primaryimage\"},\"image\":{\"@id\":\"https:\\\/\\\/www.fedexsol.be\\\/fr\\\/actualites\\\/experts-sol-medior-reservez-la-date\\\/#primaryimage\"},\"thumbnailUrl\":\"https:\\\/\\\/www.fedexsol.be\\\/wp-content\\\/uploads\\\/2026\\\/03\\\/20260312-formation-mediors-save-the-date-scaled.jpg\",\"datePublished\":\"2026-03-12T11:00:00+00:00\",\"author\":{\"@id\":\"https:\\\/\\\/www.fedexsol.be\\\/fr\\\/#\\\/schema\\\/person\\\/eeab8f4e257452c61c18cf6d02f6b440\"},\"breadcrumb\":{\"@id\":\"https:\\\/\\\/www.fedexsol.be\\\/fr\\\/actualites\\\/experts-sol-medior-reservez-la-date\\\/#breadcrumb\"},\"inLanguage\":\"fr-FR\",\"potentialAction\":[{\"@type\":\"ReadAction\",\"target\":[\"https:\\\/\\\/www.fedexsol.be\\\/fr\\\/actualites\\\/experts-sol-medior-reservez-la-date\\\/\"]}]},{\"@type\":\"ImageObject\",\"inLanguage\":\"fr-FR\",\"@id\":\"https:\\\/\\\/www.fedexsol.be\\\/fr\\\/actualites\\\/experts-sol-medior-reservez-la-date\\\/#primaryimage\",\"url\":\"https:\\\/\\\/www.fedexsol.be\\\/wp-content\\\/uploads\\\/2026\\\/03\\\/20260312-formation-mediors-save-the-date-scaled.jpg\",\"contentUrl\":\"https:\\\/\\\/www.fedexsol.be\\\/wp-content\\\/uploads\\\/2026\\\/03\\\/20260312-formation-mediors-save-the-date-scaled.jpg\",\"width\":2560,\"height\":1707},{\"@type\":\"BreadcrumbList\",\"@id\":\"https:\\\/\\\/www.fedexsol.be\\\/fr\\\/actualites\\\/experts-sol-medior-reservez-la-date\\\/#breadcrumb\",\"itemListElement\":[{\"@type\":\"ListItem\",\"position\":1,\"name\":\"Accueil\",\"item\":\"https:\\\/\\\/www.fedexsol.be\\\/fr\\\/\"},{\"@type\":\"ListItem\",\"position\":2,\"name\":\"Experts sol medior : r\u00e9servez la date !\"}]},{\"@type\":\"WebSite\",\"@id\":\"https:\\\/\\\/www.fedexsol.be\\\/fr\\\/#website\",\"url\":\"https:\\\/\\\/www.fedexsol.be\\\/fr\\\/\",\"name\":\"Fedexsol\",\"description\":\"Un site utilisant WordPress\",\"potentialAction\":[{\"@type\":\"SearchAction\",\"target\":{\"@type\":\"EntryPoint\",\"urlTemplate\":\"https:\\\/\\\/www.fedexsol.be\\\/fr\\\/?s={search_term_string}\"},\"query-input\":{\"@type\":\"PropertyValueSpecification\",\"valueRequired\":true,\"valueName\":\"search_term_string\"}}],\"inLanguage\":\"fr-FR\"},{\"@type\":\"Person\",\"@id\":\"https:\\\/\\\/www.fedexsol.be\\\/fr\\\/#\\\/schema\\\/person\\\/eeab8f4e257452c61c18cf6d02f6b440\",\"name\":\"Coralie Capella\",\"image\":{\"@type\":\"ImageObject\",\"inLanguage\":\"fr-FR\",\"@id\":\"https:\\\/\\\/secure.gravatar.com\\\/avatar\\\/374b26b75713aeabe8e9b03a30b66b2c5acc28ae8a9b9507960d2f804a4c98c7?s=96&d=mm&r=g\",\"url\":\"https:\\\/\\\/secure.gravatar.com\\\/avatar\\\/374b26b75713aeabe8e9b03a30b66b2c5acc28ae8a9b9507960d2f804a4c98c7?s=96&d=mm&r=g\",\"contentUrl\":\"https:\\\/\\\/secure.gravatar.com\\\/avatar\\\/374b26b75713aeabe8e9b03a30b66b2c5acc28ae8a9b9507960d2f804a4c98c7?s=96&d=mm&r=g\",\"caption\":\"Coralie Capella\"}}]}<\/script>\r\n<!-- \/ Yoast SEO plugin. -->","yoast_head_json":{"title":"Experts sol medior : r\u00e9servez la date ! - Fedexsol","robots":{"index":"noindex","follow":"follow"},"og_locale":"fr_FR","og_type":"article","og_title":"Experts sol medior : r\u00e9servez la date ! - Fedexsol","og_description":"\ud83d\udce2 La prochaine formation Medior organis\u00e9e par Fedexsol aura lieu le 28 mai 2026 \u00e0 Gosselies. Cette journ\u00e9e sera d\u00e9di\u00e9e aux experts sol ayant d\u00e9j\u00e0 quelques ann\u00e9es d\u2019exp\u00e9rience, avec pour objectif d\u2019approfondir les connaissances, de &hellip;","og_url":"https:\/\/www.fedexsol.be\/fr\/actualites\/experts-sol-medior-reservez-la-date\/","og_site_name":"Fedexsol","article_published_time":"2026-03-12T11:00:00+00:00","og_image":[{"width":2560,"height":1707,"url":"https:\/\/www.fedexsol.be\/wp-content\/uploads\/2026\/03\/20260312-formation-mediors-save-the-date-scaled.jpg","type":"image\/jpeg"}],"author":"Coralie Capella","twitter_card":"summary_large_image","twitter_misc":{"\u00c9crit par":"Coralie Capella","Dur\u00e9e de lecture estim\u00e9e":"1 minute"},"schema":{"@context":"https:\/\/schema.org","@graph":[{"@type":"Article","@id":"https:\/\/www.fedexsol.be\/fr\/actualites\/experts-sol-medior-reservez-la-date\/#article","isPartOf":{"@id":"https:\/\/www.fedexsol.be\/fr\/actualites\/experts-sol-medior-reservez-la-date\/"},"author":{"name":"Coralie Capella","@id":"https:\/\/www.fedexsol.be\/fr\/#\/schema\/person\/eeab8f4e257452c61c18cf6d02f6b440"},"headline":"Experts sol medior : r\u00e9servez la date !","datePublished":"2026-03-12T11:00:00+00:00","mainEntityOfPage":{"@id":"https:\/\/www.fedexsol.be\/fr\/actualites\/experts-sol-medior-reservez-la-date\/"},"wordCount":91,"image":{"@id":"https:\/\/www.fedexsol.be\/fr\/actualites\/experts-sol-medior-reservez-la-date\/#primaryimage"},"thumbnailUrl":"https:\/\/www.fedexsol.be\/wp-content\/uploads\/2026\/03\/20260312-formation-mediors-save-the-date-scaled.jpg","articleSection":["Non classifi\u00e9(e)"],"inLanguage":"fr-FR"},{"@type":"WebPage","@id":"https:\/\/www.fedexsol.be\/fr\/actualites\/experts-sol-medior-reservez-la-date\/","url":"https:\/\/www.fedexsol.be\/fr\/actualites\/experts-sol-medior-reservez-la-date\/","name":"Experts sol medior : r\u00e9servez la date ! - Fedexsol","isPartOf":{"@id":"https:\/\/www.fedexsol.be\/fr\/#website"},"primaryImageOfPage":{"@id":"https:\/\/www.fedexsol.be\/fr\/actualites\/experts-sol-medior-reservez-la-date\/#primaryimage"},"image":{"@id":"https:\/\/www.fedexsol.be\/fr\/actualites\/experts-sol-medior-reservez-la-date\/#primaryimage"},"thumbnailUrl":"https:\/\/www.fedexsol.be\/wp-content\/uploads\/2026\/03\/20260312-formation-mediors-save-the-date-scaled.jpg","datePublished":"2026-03-12T11:00:00+00:00","author":{"@id":"https:\/\/www.fedexsol.be\/fr\/#\/schema\/person\/eeab8f4e257452c61c18cf6d02f6b440"},"breadcrumb":{"@id":"https:\/\/www.fedexsol.be\/fr\/actualites\/experts-sol-medior-reservez-la-date\/#breadcrumb"},"inLanguage":"fr-FR","potentialAction":[{"@type":"ReadAction","target":["https:\/\/www.fedexsol.be\/fr\/actualites\/experts-sol-medior-reservez-la-date\/"]}]},{"@type":"ImageObject","inLanguage":"fr-FR","@id":"https:\/\/www.fedexsol.be\/fr\/actualites\/experts-sol-medior-reservez-la-date\/#primaryimage","url":"https:\/\/www.fedexsol.be\/wp-content\/uploads\/2026\/03\/20260312-formation-mediors-save-the-date-scaled.jpg","contentUrl":"https:\/\/www.fedexsol.be\/wp-content\/uploads\/2026\/03\/20260312-formation-mediors-save-the-date-scaled.jpg","width":2560,"height":1707},{"@type":"BreadcrumbList","@id":"https:\/\/www.fedexsol.be\/fr\/actualites\/experts-sol-medior-reservez-la-date\/#breadcrumb","itemListElement":[{"@type":"ListItem","position":1,"name":"Accueil","item":"https:\/\/www.fedexsol.be\/fr\/"},{"@type":"ListItem","position":2,"name":"Experts sol medior : r\u00e9servez la date !"}]},{"@type":"WebSite","@id":"https:\/\/www.fedexsol.be\/fr\/#website","url":"https:\/\/www.fedexsol.be\/fr\/","name":"Fedexsol","description":"Un site utilisant WordPress","potentialAction":[{"@type":"SearchAction","target":{"@type":"EntryPoint","urlTemplate":"https:\/\/www.fedexsol.be\/fr\/?s={search_term_string}"},"query-input":{"@type":"PropertyValueSpecification","valueRequired":true,"valueName":"search_term_string"}}],"inLanguage":"fr-FR"},{"@type":"Person","@id":"https:\/\/www.fedexsol.be\/fr\/#\/schema\/person\/eeab8f4e257452c61c18cf6d02f6b440","name":"Coralie Capella","image":{"@type":"ImageObject","inLanguage":"fr-FR","@id":"https:\/\/secure.gravatar.com\/avatar\/374b26b75713aeabe8e9b03a30b66b2c5acc28ae8a9b9507960d2f804a4c98c7?s=96&d=mm&r=g","url":"https:\/\/secure.gravatar.com\/avatar\/374b26b75713aeabe8e9b03a30b66b2c5acc28ae8a9b9507960d2f804a4c98c7?s=96&d=mm&r=g","contentUrl":"https:\/\/secure.gravatar.com\/avatar\/374b26b75713aeabe8e9b03a30b66b2c5acc28ae8a9b9507960d2f804a4c98c7?s=96&d=mm&r=g","caption":"Coralie Capella"}}]}},"_links":{"self":[{"href":"https:\/\/www.fedexsol.be\/fr\/wp-json\/wp\/v2\/posts\/3503","targetHints":{"allow":["GET"]}}],"collection":[{"href":"https:\/\/www.fedexsol.be\/fr\/wp-json\/wp\/v2\/posts"}],"about":[{"href":"https:\/\/www.fedexsol.be\/fr\/wp-json\/wp\/v2\/types\/post"}],"author":[{"embeddable":true,"href":"https:\/\/www.fedexsol.be\/fr\/wp-json\/wp\/v2\/users\/9"}],"replies":[{"embeddable":true,"href":"https:\/\/www.fedexsol.be\/fr\/wp-json\/wp\/v2\/comments?post=3503"}],"version-history":[{"count":2,"href":"https:\/\/www.fedexsol.be\/fr\/wp-json\/wp\/v2\/posts\/3503\/revisions"}],"predecessor-version":[{"id":3508,"href":"https:\/\/www.fedexsol.be\/fr\/wp-json\/wp\/v2\/posts\/3503\/revisions\/3508"}],"wp:featuredmedia":[{"embeddable":true,"href":"https:\/\/www.fedexsol.be\/fr\/wp-json\/wp\/v2\/media\/3504"}],"wp:attachment":[{"href":"https:\/\/www.fedexsol.be\/fr\/wp-json\/wp\/v2\/media?parent=3503"}],"wp:term":[{"taxonomy":"category","embeddable":true,"href":"https:\/\/www.fedexsol.be\/fr\/wp-json\/wp\/v2\/categories?post=3503"},{"taxonomy":"post_tag","embeddable":true,"href":"https:\/\/www.fedexsol.be\/fr\/wp-json\/wp\/v2\/tags?post=3503"}],"curies":[{"name":"wp","href":"https:\/\/api.w.org\/{rel}","templated":true}]}}