{"id":3520,"date":"2026-04-28T12:00:00","date_gmt":"2026-04-28T10:00:00","guid":{"rendered":"https:\/\/www.fedexsol.be\/?p=3520"},"modified":"2026-04-28T11:10:48","modified_gmt":"2026-04-28T09:10:48","slug":"formation-medior-28-05-2026-inscriptions","status":"publish","type":"post","link":"https:\/\/www.fedexsol.be\/fr\/actualites\/formation-medior-28-05-2026-inscriptions\/","title":{"rendered":"Formation M\u00e9dior &#8211; 28\/05\/2026 &#8211; Inscriptions"},"content":{"rendered":"\n<p>\ud83d\udce3\u00a0Fedexsol a le plaisir de vous inviter \u00e0 sa\u00a0formation M\u00e9dior, qui se d\u00e9roulera le\u00a0jeudi 28 mai 2026\u00a0de\u00a08h30 \u00e0 17h30 \ud83d\udc49\u00a0Accueil \u00e0 partir de 8h00<\/p>\n\n\n\n<p>\ud83d\udccd&nbsp;Programme de la journ\u00e9e<\/p>\n\n\n\n<p>&#8211; Matin&nbsp;: Centre de traitement Ecoterres<\/p>\n\n\n\n<p>Rue de la Neuville 100, 6240 Farciennes<\/p>\n\n\n\n<p>&#8211; Apr\u00e8s-midi&nbsp;: H\u00f4tel Van der Valk Charleroi Airport<\/p>\n\n\n\n<p>Chauss\u00e9e de Courcelles 115, 6041 Gosselies<\/p>\n\n\n\n<p>\u26a0\ufe0f&nbsp;Important : EPI obligatoires pour la visite du centre<\/p>\n\n\n\n<p>Chaque participant doit apporter :<\/p>\n\n\n\n<p>&#8211; Casque<\/p>\n\n\n\n<p>&#8211; Lunettes de protection (peuvent \u00eatre int\u00e9gr\u00e9es au casque)<\/p>\n\n\n\n<p>&#8211; Chaussures \/ bottes de s\u00e9curit\u00e9<\/p>\n\n\n\n<p>&#8211; Gilet \/ veste fluo<\/p>\n\n\n\n<p>\u2757&nbsp;Sans EPI, la visite ne sera pas possible et ne sera pas rembours\u00e9e<\/p>\n\n\n\n<p>\ud83d\udcb6&nbsp;Tarifs<\/p>\n\n\n\n<p>&#8211; 400 \u20ac&nbsp;pour nos membres<\/p>\n\n\n\n<p>&#8211; 650 \u20ac&nbsp;pour les non-membres<\/p>\n\n\n\n<p>\ud83d\udcdd&nbsp;Inscription via Weezevent :<\/p>\n\n\n\n<p><a href=\"https:\/\/my.weezevent.com\/formation-medior-fedexsol-du-28052026-journee-de-8-h-de-formation\">https:\/\/my.weezevent.com\/formation-medior-fedexsol-du-28052026-journee-de-8-h-de-formation<\/a><\/p>\n\n\n\n<p>Merci de bien remplir l\u2019ensemble des champs relatifs aux&nbsp;participants&nbsp;(si plusieurs personnes sont inscrites, merci de renseigner plusieurs adresses e-mail) ainsi que le champ&nbsp;\u00ab Informations Acheteur \u00bb, indispensable pour la facturation.<\/p>\n\n\n\n<p>Le&nbsp;paiement s\u2019effectue directement au moment de l\u2019inscription<\/p>\n\n\n\n<p>\u23f0&nbsp;Date limite d\u2019inscription : 21\/05 \u00e0 12h<\/p>\n\n\n\n<p>Toute inscription tardive, ou toute personne non inscrite via Weezevent pr\u00e9sente le jour de la formation, se verra appliquer un&nbsp;suppl\u00e9ment administratif de 60 \u20ac<\/p>\n\n\n\n<p>\ud83d\udccc&nbsp;Demande de reconnaissance de la formation en RBC et RW en cours<\/p>\n\n\n\n<p>Nous nous r\u00e9jouissons de vous accueillir nombreux pour cette journ\u00e9e de formation et d\u2019\u00e9changes !<\/p>\n\n\n\n<p><strong>#Fedexsol<\/strong> <strong>#Formation<\/strong> <strong>#M\u00e9dior<\/strong> <strong>#Weezevent<\/strong> <strong>#RBC<\/strong> <strong>#RW<\/strong> <strong>#Ecoterres<\/strong> <strong>#Charleroi<\/strong> <strong>#Farciennes<\/strong> <strong>#S\u00e9curit\u00e9<\/strong><\/p>\n","protected":false},"excerpt":{"rendered":"<p>\ud83d\udce3\u00a0Fedexsol a le plaisir de vous inviter \u00e0 sa\u00a0formation M\u00e9dior, qui se d\u00e9roulera le\u00a0jeudi 28 mai 2026\u00a0de\u00a08h30 \u00e0 17h30 \ud83d\udc49\u00a0Accueil \u00e0 partir de 8h00 \ud83d\udccd&nbsp;Programme de la journ\u00e9e &#8211; Matin&nbsp;: Centre de traitement Ecoterres Rue &hellip;<\/p>\n","protected":false},"author":9,"featured_media":3521,"comment_status":"closed","ping_status":"closed","sticky":false,"template":"","format":"standard","meta":{"_acf_changed":false,"footnotes":""},"categories":[1],"tags":[],"class_list":["post-3520","post","type-post","status-publish","format-standard","has-post-thumbnail","hentry","category-non-classifiee"],"acf":[],"yoast_head":"<!-- This site is optimized with the Yoast SEO plugin v27.4 - https:\/\/yoast.com\/product\/yoast-seo-wordpress\/ -->\r\n<title>Formation M\u00e9dior - 28\/05\/2026 - Inscriptions - Fedexsol<\/title>\r\n<meta name=\"robots\" content=\"noindex, follow\" \/>\r\n<meta property=\"og:locale\" content=\"fr_FR\" \/>\r\n<meta property=\"og:type\" content=\"article\" \/>\r\n<meta property=\"og:title\" content=\"Formation M\u00e9dior - 28\/05\/2026 - Inscriptions - Fedexsol\" \/>\r\n<meta property=\"og:description\" content=\"\ud83d\udce3\u00a0Fedexsol a le plaisir de vous inviter \u00e0 sa\u00a0formation M\u00e9dior, qui se d\u00e9roulera le\u00a0jeudi 28 mai 2026\u00a0de\u00a08h30 \u00e0 17h30 \ud83d\udc49\u00a0Accueil \u00e0 partir de 8h00 \ud83d\udccd&nbsp;Programme de la journ\u00e9e &#8211; Matin&nbsp;: Centre de traitement Ecoterres Rue &hellip;\" \/>\r\n<meta property=\"og:url\" content=\"https:\/\/www.fedexsol.be\/fr\/actualites\/formation-medior-28-05-2026-inscriptions\/\" \/>\r\n<meta property=\"og:site_name\" content=\"Fedexsol\" \/>\r\n<meta property=\"article:published_time\" content=\"2026-04-28T10:00:00+00:00\" \/>\r\n<meta property=\"og:image\" content=\"https:\/\/www.fedexsol.be\/wp-content\/uploads\/2026\/04\/20260428-formation-medior-inscriptions.png\" \/>\r\n\t<meta property=\"og:image:width\" content=\"533\" \/>\r\n\t<meta property=\"og:image:height\" content=\"455\" \/>\r\n\t<meta property=\"og:image:type\" content=\"image\/png\" \/>\r\n<meta name=\"author\" content=\"Coralie Capella\" \/>\r\n<meta name=\"twitter:card\" content=\"summary_large_image\" \/>\r\n<meta name=\"twitter:label1\" content=\"\u00c9crit par\" \/>\n\t<meta name=\"twitter:data1\" content=\"Coralie Capella\" \/>\n\t<meta name=\"twitter:label2\" content=\"Dur\u00e9e de lecture estim\u00e9e\" \/>\n\t<meta name=\"twitter:data2\" content=\"2 minutes\" \/>\r\n<script type=\"application\/ld+json\" class=\"yoast-schema-graph\">{\"@context\":\"https:\\\/\\\/schema.org\",\"@graph\":[{\"@type\":\"Article\",\"@id\":\"https:\\\/\\\/www.fedexsol.be\\\/fr\\\/actualites\\\/formation-medior-28-05-2026-inscriptions\\\/#article\",\"isPartOf\":{\"@id\":\"https:\\\/\\\/www.fedexsol.be\\\/fr\\\/actualites\\\/formation-medior-28-05-2026-inscriptions\\\/\"},\"author\":{\"name\":\"Coralie Capella\",\"@id\":\"https:\\\/\\\/www.fedexsol.be\\\/fr\\\/#\\\/schema\\\/person\\\/eeab8f4e257452c61c18cf6d02f6b440\"},\"headline\":\"Formation M\u00e9dior &#8211; 28\\\/05\\\/2026 &#8211; Inscriptions\",\"datePublished\":\"2026-04-28T10:00:00+00:00\",\"mainEntityOfPage\":{\"@id\":\"https:\\\/\\\/www.fedexsol.be\\\/fr\\\/actualites\\\/formation-medior-28-05-2026-inscriptions\\\/\"},\"wordCount\":270,\"image\":{\"@id\":\"https:\\\/\\\/www.fedexsol.be\\\/fr\\\/actualites\\\/formation-medior-28-05-2026-inscriptions\\\/#primaryimage\"},\"thumbnailUrl\":\"https:\\\/\\\/www.fedexsol.be\\\/wp-content\\\/uploads\\\/2026\\\/04\\\/20260428-formation-medior-inscriptions.png\",\"articleSection\":[\"Non classifi\u00e9(e)\"],\"inLanguage\":\"fr-FR\"},{\"@type\":\"WebPage\",\"@id\":\"https:\\\/\\\/www.fedexsol.be\\\/fr\\\/actualites\\\/formation-medior-28-05-2026-inscriptions\\\/\",\"url\":\"https:\\\/\\\/www.fedexsol.be\\\/fr\\\/actualites\\\/formation-medior-28-05-2026-inscriptions\\\/\",\"name\":\"Formation M\u00e9dior - 28\\\/05\\\/2026 - Inscriptions - Fedexsol\",\"isPartOf\":{\"@id\":\"https:\\\/\\\/www.fedexsol.be\\\/fr\\\/#website\"},\"primaryImageOfPage\":{\"@id\":\"https:\\\/\\\/www.fedexsol.be\\\/fr\\\/actualites\\\/formation-medior-28-05-2026-inscriptions\\\/#primaryimage\"},\"image\":{\"@id\":\"https:\\\/\\\/www.fedexsol.be\\\/fr\\\/actualites\\\/formation-medior-28-05-2026-inscriptions\\\/#primaryimage\"},\"thumbnailUrl\":\"https:\\\/\\\/www.fedexsol.be\\\/wp-content\\\/uploads\\\/2026\\\/04\\\/20260428-formation-medior-inscriptions.png\",\"datePublished\":\"2026-04-28T10:00:00+00:00\",\"author\":{\"@id\":\"https:\\\/\\\/www.fedexsol.be\\\/fr\\\/#\\\/schema\\\/person\\\/eeab8f4e257452c61c18cf6d02f6b440\"},\"breadcrumb\":{\"@id\":\"https:\\\/\\\/www.fedexsol.be\\\/fr\\\/actualites\\\/formation-medior-28-05-2026-inscriptions\\\/#breadcrumb\"},\"inLanguage\":\"fr-FR\",\"potentialAction\":[{\"@type\":\"ReadAction\",\"target\":[\"https:\\\/\\\/www.fedexsol.be\\\/fr\\\/actualites\\\/formation-medior-28-05-2026-inscriptions\\\/\"]}]},{\"@type\":\"ImageObject\",\"inLanguage\":\"fr-FR\",\"@id\":\"https:\\\/\\\/www.fedexsol.be\\\/fr\\\/actualites\\\/formation-medior-28-05-2026-inscriptions\\\/#primaryimage\",\"url\":\"https:\\\/\\\/www.fedexsol.be\\\/wp-content\\\/uploads\\\/2026\\\/04\\\/20260428-formation-medior-inscriptions.png\",\"contentUrl\":\"https:\\\/\\\/www.fedexsol.be\\\/wp-content\\\/uploads\\\/2026\\\/04\\\/20260428-formation-medior-inscriptions.png\",\"width\":533,\"height\":455},{\"@type\":\"BreadcrumbList\",\"@id\":\"https:\\\/\\\/www.fedexsol.be\\\/fr\\\/actualites\\\/formation-medior-28-05-2026-inscriptions\\\/#breadcrumb\",\"itemListElement\":[{\"@type\":\"ListItem\",\"position\":1,\"name\":\"Accueil\",\"item\":\"https:\\\/\\\/www.fedexsol.be\\\/fr\\\/\"},{\"@type\":\"ListItem\",\"position\":2,\"name\":\"Formation M\u00e9dior &#8211; 28\\\/05\\\/2026 &#8211; Inscriptions\"}]},{\"@type\":\"WebSite\",\"@id\":\"https:\\\/\\\/www.fedexsol.be\\\/fr\\\/#website\",\"url\":\"https:\\\/\\\/www.fedexsol.be\\\/fr\\\/\",\"name\":\"Fedexsol\",\"description\":\"Un site utilisant WordPress\",\"potentialAction\":[{\"@type\":\"SearchAction\",\"target\":{\"@type\":\"EntryPoint\",\"urlTemplate\":\"https:\\\/\\\/www.fedexsol.be\\\/fr\\\/?s={search_term_string}\"},\"query-input\":{\"@type\":\"PropertyValueSpecification\",\"valueRequired\":true,\"valueName\":\"search_term_string\"}}],\"inLanguage\":\"fr-FR\"},{\"@type\":\"Person\",\"@id\":\"https:\\\/\\\/www.fedexsol.be\\\/fr\\\/#\\\/schema\\\/person\\\/eeab8f4e257452c61c18cf6d02f6b440\",\"name\":\"Coralie Capella\",\"image\":{\"@type\":\"ImageObject\",\"inLanguage\":\"fr-FR\",\"@id\":\"https:\\\/\\\/secure.gravatar.com\\\/avatar\\\/374b26b75713aeabe8e9b03a30b66b2c5acc28ae8a9b9507960d2f804a4c98c7?s=96&d=mm&r=g\",\"url\":\"https:\\\/\\\/secure.gravatar.com\\\/avatar\\\/374b26b75713aeabe8e9b03a30b66b2c5acc28ae8a9b9507960d2f804a4c98c7?s=96&d=mm&r=g\",\"contentUrl\":\"https:\\\/\\\/secure.gravatar.com\\\/avatar\\\/374b26b75713aeabe8e9b03a30b66b2c5acc28ae8a9b9507960d2f804a4c98c7?s=96&d=mm&r=g\",\"caption\":\"Coralie Capella\"}}]}<\/script>\r\n<!-- \/ Yoast SEO plugin. -->","yoast_head_json":{"title":"Formation M\u00e9dior - 28\/05\/2026 - Inscriptions - Fedexsol","robots":{"index":"noindex","follow":"follow"},"og_locale":"fr_FR","og_type":"article","og_title":"Formation M\u00e9dior - 28\/05\/2026 - Inscriptions - Fedexsol","og_description":"\ud83d\udce3\u00a0Fedexsol a le plaisir de vous inviter \u00e0 sa\u00a0formation M\u00e9dior, qui se d\u00e9roulera le\u00a0jeudi 28 mai 2026\u00a0de\u00a08h30 \u00e0 17h30 \ud83d\udc49\u00a0Accueil \u00e0 partir de 8h00 \ud83d\udccd&nbsp;Programme de la journ\u00e9e &#8211; Matin&nbsp;: Centre de traitement Ecoterres Rue &hellip;","og_url":"https:\/\/www.fedexsol.be\/fr\/actualites\/formation-medior-28-05-2026-inscriptions\/","og_site_name":"Fedexsol","article_published_time":"2026-04-28T10:00:00+00:00","og_image":[{"width":533,"height":455,"url":"https:\/\/www.fedexsol.be\/wp-content\/uploads\/2026\/04\/20260428-formation-medior-inscriptions.png","type":"image\/png"}],"author":"Coralie Capella","twitter_card":"summary_large_image","twitter_misc":{"\u00c9crit par":"Coralie Capella","Dur\u00e9e de lecture estim\u00e9e":"2 minutes"},"schema":{"@context":"https:\/\/schema.org","@graph":[{"@type":"Article","@id":"https:\/\/www.fedexsol.be\/fr\/actualites\/formation-medior-28-05-2026-inscriptions\/#article","isPartOf":{"@id":"https:\/\/www.fedexsol.be\/fr\/actualites\/formation-medior-28-05-2026-inscriptions\/"},"author":{"name":"Coralie Capella","@id":"https:\/\/www.fedexsol.be\/fr\/#\/schema\/person\/eeab8f4e257452c61c18cf6d02f6b440"},"headline":"Formation M\u00e9dior &#8211; 28\/05\/2026 &#8211; Inscriptions","datePublished":"2026-04-28T10:00:00+00:00","mainEntityOfPage":{"@id":"https:\/\/www.fedexsol.be\/fr\/actualites\/formation-medior-28-05-2026-inscriptions\/"},"wordCount":270,"image":{"@id":"https:\/\/www.fedexsol.be\/fr\/actualites\/formation-medior-28-05-2026-inscriptions\/#primaryimage"},"thumbnailUrl":"https:\/\/www.fedexsol.be\/wp-content\/uploads\/2026\/04\/20260428-formation-medior-inscriptions.png","articleSection":["Non classifi\u00e9(e)"],"inLanguage":"fr-FR"},{"@type":"WebPage","@id":"https:\/\/www.fedexsol.be\/fr\/actualites\/formation-medior-28-05-2026-inscriptions\/","url":"https:\/\/www.fedexsol.be\/fr\/actualites\/formation-medior-28-05-2026-inscriptions\/","name":"Formation M\u00e9dior - 28\/05\/2026 - Inscriptions - Fedexsol","isPartOf":{"@id":"https:\/\/www.fedexsol.be\/fr\/#website"},"primaryImageOfPage":{"@id":"https:\/\/www.fedexsol.be\/fr\/actualites\/formation-medior-28-05-2026-inscriptions\/#primaryimage"},"image":{"@id":"https:\/\/www.fedexsol.be\/fr\/actualites\/formation-medior-28-05-2026-inscriptions\/#primaryimage"},"thumbnailUrl":"https:\/\/www.fedexsol.be\/wp-content\/uploads\/2026\/04\/20260428-formation-medior-inscriptions.png","datePublished":"2026-04-28T10:00:00+00:00","author":{"@id":"https:\/\/www.fedexsol.be\/fr\/#\/schema\/person\/eeab8f4e257452c61c18cf6d02f6b440"},"breadcrumb":{"@id":"https:\/\/www.fedexsol.be\/fr\/actualites\/formation-medior-28-05-2026-inscriptions\/#breadcrumb"},"inLanguage":"fr-FR","potentialAction":[{"@type":"ReadAction","target":["https:\/\/www.fedexsol.be\/fr\/actualites\/formation-medior-28-05-2026-inscriptions\/"]}]},{"@type":"ImageObject","inLanguage":"fr-FR","@id":"https:\/\/www.fedexsol.be\/fr\/actualites\/formation-medior-28-05-2026-inscriptions\/#primaryimage","url":"https:\/\/www.fedexsol.be\/wp-content\/uploads\/2026\/04\/20260428-formation-medior-inscriptions.png","contentUrl":"https:\/\/www.fedexsol.be\/wp-content\/uploads\/2026\/04\/20260428-formation-medior-inscriptions.png","width":533,"height":455},{"@type":"BreadcrumbList","@id":"https:\/\/www.fedexsol.be\/fr\/actualites\/formation-medior-28-05-2026-inscriptions\/#breadcrumb","itemListElement":[{"@type":"ListItem","position":1,"name":"Accueil","item":"https:\/\/www.fedexsol.be\/fr\/"},{"@type":"ListItem","position":2,"name":"Formation M\u00e9dior &#8211; 28\/05\/2026 &#8211; Inscriptions"}]},{"@type":"WebSite","@id":"https:\/\/www.fedexsol.be\/fr\/#website","url":"https:\/\/www.fedexsol.be\/fr\/","name":"Fedexsol","description":"Un site utilisant WordPress","potentialAction":[{"@type":"SearchAction","target":{"@type":"EntryPoint","urlTemplate":"https:\/\/www.fedexsol.be\/fr\/?s={search_term_string}"},"query-input":{"@type":"PropertyValueSpecification","valueRequired":true,"valueName":"search_term_string"}}],"inLanguage":"fr-FR"},{"@type":"Person","@id":"https:\/\/www.fedexsol.be\/fr\/#\/schema\/person\/eeab8f4e257452c61c18cf6d02f6b440","name":"Coralie Capella","image":{"@type":"ImageObject","inLanguage":"fr-FR","@id":"https:\/\/secure.gravatar.com\/avatar\/374b26b75713aeabe8e9b03a30b66b2c5acc28ae8a9b9507960d2f804a4c98c7?s=96&d=mm&r=g","url":"https:\/\/secure.gravatar.com\/avatar\/374b26b75713aeabe8e9b03a30b66b2c5acc28ae8a9b9507960d2f804a4c98c7?s=96&d=mm&r=g","contentUrl":"https:\/\/secure.gravatar.com\/avatar\/374b26b75713aeabe8e9b03a30b66b2c5acc28ae8a9b9507960d2f804a4c98c7?s=96&d=mm&r=g","caption":"Coralie Capella"}}]}},"_links":{"self":[{"href":"https:\/\/www.fedexsol.be\/fr\/wp-json\/wp\/v2\/posts\/3520","targetHints":{"allow":["GET"]}}],"collection":[{"href":"https:\/\/www.fedexsol.be\/fr\/wp-json\/wp\/v2\/posts"}],"about":[{"href":"https:\/\/www.fedexsol.be\/fr\/wp-json\/wp\/v2\/types\/post"}],"author":[{"embeddable":true,"href":"https:\/\/www.fedexsol.be\/fr\/wp-json\/wp\/v2\/users\/9"}],"replies":[{"embeddable":true,"href":"https:\/\/www.fedexsol.be\/fr\/wp-json\/wp\/v2\/comments?post=3520"}],"version-history":[{"count":1,"href":"https:\/\/www.fedexsol.be\/fr\/wp-json\/wp\/v2\/posts\/3520\/revisions"}],"predecessor-version":[{"id":3524,"href":"https:\/\/www.fedexsol.be\/fr\/wp-json\/wp\/v2\/posts\/3520\/revisions\/3524"}],"wp:featuredmedia":[{"embeddable":true,"href":"https:\/\/www.fedexsol.be\/fr\/wp-json\/wp\/v2\/media\/3521"}],"wp:attachment":[{"href":"https:\/\/www.fedexsol.be\/fr\/wp-json\/wp\/v2\/media?parent=3520"}],"wp:term":[{"taxonomy":"category","embeddable":true,"href":"https:\/\/www.fedexsol.be\/fr\/wp-json\/wp\/v2\/categories?post=3520"},{"taxonomy":"post_tag","embeddable":true,"href":"https:\/\/www.fedexsol.be\/fr\/wp-json\/wp\/v2\/tags?post=3520"}],"curies":[{"name":"wp","href":"https:\/\/api.w.org\/{rel}","templated":true}]}}